{"id":127,"date":"2011-05-30T12:06:52","date_gmt":"2011-05-30T12:06:52","guid":{"rendered":"http:\/\/fbaul-dcnm.pt\/wp\/?p=127"},"modified":"2014-05-31T12:51:20","modified_gmt":"2014-05-31T12:51:20","slug":"a-morfologia-editorial-nos-limites-da-pagina","status":"publish","type":"post","link":"http:\/\/fbaul-dcnm.pt\/wp\/?p=127","title":{"rendered":"A Morfologia editorial nos limites da p\u00e1gina"},"content":{"rendered":"<p><a href=\"http:\/\/fbaul-dcnm.pt\/wp\/wp-content\/uploads\/2011\/05\/cc_18.jpg\"><img loading=\"lazy\" decoding=\"async\" class=\"alignnone size-medium wp-image-129\" src=\"http:\/\/fbaul-dcnm.pt\/wp\/wp-content\/uploads\/2011\/05\/cc_18-350x211.jpg\" alt=\"cc_18\" width=\"350\" height=\"211\" srcset=\"http:\/\/fbaul-dcnm.pt\/wp\/wp-content\/uploads\/2011\/05\/cc_18-350x211.jpg 350w, http:\/\/fbaul-dcnm.pt\/wp\/wp-content\/uploads\/2011\/05\/cc_18-1024x617.jpg 1024w, http:\/\/fbaul-dcnm.pt\/wp\/wp-content\/uploads\/2011\/05\/cc_18.jpg 1181w\" sizes=\"(max-width: 350px) 100vw, 350px\" \/><\/a><\/p>\n<p>Os elementos paratextuais t\u00eam por fun\u00e7\u00e3o facilitar a compreens\u00e3o e perce\u00e7\u00e3o da informa\u00e7\u00e3o textual.<br \/>\nTrabalhando em torno desta no\u00e7\u00e3o, esta publica\u00e7\u00e3o \u00e9 uma investiga\u00e7\u00e3o sobre a natureza formal e conceptual dos paratextos.<\/p>\n<p style=\"font-size: 10px;\"><em>A literary work consists, entirely or essentially, of a text, defined (very minimally) \u2028as a more or less long sequence of verbal statements that are more or less endowed with significance. But this text is rarely presented in an unadorned state, unreinforced and unaccompained by a certain number of verbal or other productions, such as an author&#8217;s name, a title, a preface, illustrations. And although we do not always know whether these productions are to be regarded as belonging to the text, in any case they surround it and extend it, precisely in order to present it, in the usual sense of this verb but also in the strongest sense: to make present, to ensure the text&#8217;s presence in the world, its &#8220;reception&#8221; and consumption in the form (nowadays, at least) of a book.\u00a0<\/em><br \/>\nGENETTE, G\u00e9rard (1997). <em>Paratexts: thresholds of Interpretation<\/em>, Cambridge: Cambridge University Press<\/p>\n<p>Com base no estudo de G\u00e9rard Genette e na forma com este cataloga e referencia a hist\u00f3ria de cada elemento paratextual, o projeto tenta entender como estas estruturas morfol\u00f3gicas levantam a possibilidade de existirem conceitos e ideias compartilhadas pelas culturas da imprensa e digital, num mesmo territ\u00f3rio \u2013 a p\u00e1gina.<br \/>\nComo m\u00e9todo, foi preparado um invent\u00e1rio de sete paratextos (os que melhor evidenciam uma rela\u00e7\u00e3o com as no\u00e7\u00f5es de rede, hipertexto e hipotexto), mais tarde compilados em cinco fasc\u00edculos: &#8220;T\u00edtulo&#8221;, &#8220;Frontisp\u00edcio&#8221;, &#8220;\u00cdndice&#8221;, &#8220;Notas&#8221;, &#8220;Bibliografia&#8221;. Foram ainda analisados mais dois paratextos: &#8220;Capa&#8221; e &#8220;Pri\u00e8re d\u2019Ins\u00e9rer&#8221; .<br \/>\nCom esta publica\u00e7\u00e3o conclu\u00edmos que os aspetos formais dos paratextos sofrem muta\u00e7\u00f5es e adapta\u00e7\u00f5es impostas pelas necessidades crescentes de uma cultura baseada no excesso de informa\u00e7\u00e3o. Mas a imposi\u00e7\u00e3o desta situa\u00e7\u00e3o n\u00e3o revogou a fun\u00e7\u00e3o prim\u00e1ria dos paratextos \u2013 a media\u00e7\u00e3o do conte\u00fado principal. Tendo isto em conta, cada paratexto foi analisado de modo reflexivo, autorreferencial.<\/p>\n<p>\u2014<strong><br \/>\nCapa<\/strong><br \/>\n<a href=\"http:\/\/fbaul-dcnm.pt\/wp\/wp-content\/uploads\/2011\/05\/cc_0.jpg\"><img loading=\"lazy\" decoding=\"async\" class=\"alignnone size-medium wp-image-130\" src=\"http:\/\/fbaul-dcnm.pt\/wp\/wp-content\/uploads\/2011\/05\/cc_0-350x238.jpg\" alt=\"cc_0\" width=\"350\" height=\"238\" srcset=\"http:\/\/fbaul-dcnm.pt\/wp\/wp-content\/uploads\/2011\/05\/cc_0-350x238.jpg 350w, http:\/\/fbaul-dcnm.pt\/wp\/wp-content\/uploads\/2011\/05\/cc_0-1024x696.jpg 1024w\" sizes=\"(max-width: 350px) 100vw, 350px\" \/><\/a><br \/>\nHoje em dia, a capa \u00e9 mais do que a superf\u00edcie onde figura o t\u00edtulo de um livro \u2013 \u00e9 uma estrat\u00e9gia de marketing. Em contraste com esta situa\u00e7\u00e3o, desenvolvi uma vers\u00e3o simples, compreendendo apenas o nome do livro, na capa e na lombada e duas badanas com cita\u00e7\u00f5es que nos introduzem aos restantes conte\u00fados.<\/p>\n<p>\u2014<strong><br \/>\nPri\u00e8re d\u2019Ins\u00e9rer<\/strong><br \/>\n<a href=\"http:\/\/fbaul-dcnm.pt\/wp\/wp-content\/uploads\/2011\/05\/cc_1.jpg\"><img loading=\"lazy\" decoding=\"async\" class=\"alignnone size-medium wp-image-132\" src=\"http:\/\/fbaul-dcnm.pt\/wp\/wp-content\/uploads\/2011\/05\/cc_1-350x238.jpg\" alt=\"cc_1\" width=\"350\" height=\"238\" srcset=\"http:\/\/fbaul-dcnm.pt\/wp\/wp-content\/uploads\/2011\/05\/cc_1-350x238.jpg 350w, http:\/\/fbaul-dcnm.pt\/wp\/wp-content\/uploads\/2011\/05\/cc_1-1024x696.jpg 1024w\" sizes=\"(max-width: 350px) 100vw, 350px\" \/><\/a><br \/>\nEsta sec\u00e7\u00e3o explora a ess\u00eancia deste paratexto \u2013 p\u00e1gina solta que explica a poss\u00edveis cr\u00edticos\/jornalistas o conte\u00fado e tipo de trabalho presente num livro. Esta publica\u00e7\u00e3o n\u00e3o \u00e9 uma exce\u00e7\u00e3o a esta regra e anuncia, em s\u00edntese, o que este livro \u00e9, enquanto explana, de uma forma simples e direta o que \u00e9 o &#8220;Pri\u00e8re d\u2019ins\u00e9rer&#8221;.<\/p>\n<p>\u2014<strong><br \/>\nT\u00edtulo<\/strong><br \/>\n<a href=\"http:\/\/fbaul-dcnm.pt\/wp\/wp-content\/uploads\/2011\/05\/cc_3.jpg\"><img loading=\"lazy\" decoding=\"async\" class=\"alignnone size-medium wp-image-134\" src=\"http:\/\/fbaul-dcnm.pt\/wp\/wp-content\/uploads\/2011\/05\/cc_3-350x238.jpg\" alt=\"cc_3\" width=\"350\" height=\"238\" srcset=\"http:\/\/fbaul-dcnm.pt\/wp\/wp-content\/uploads\/2011\/05\/cc_3-350x238.jpg 350w, http:\/\/fbaul-dcnm.pt\/wp\/wp-content\/uploads\/2011\/05\/cc_3-1024x696.jpg 1024w\" sizes=\"(max-width: 350px) 100vw, 350px\" \/><\/a><br \/>\n\u00c9 o primeiro fasc\u00edculo e explora a import\u00e2ncia da cataloga\u00e7\u00e3o. A necessidade de dar um nome ou categorizar tudo, contrasta com a possibilidade de uma obra sem t\u00edtulo.<\/p>\n<p>\u2014<strong><br \/>\nFrontisp\u00edcio<\/strong><br \/>\n<a href=\"http:\/\/fbaul-dcnm.pt\/wp\/wp-content\/uploads\/2011\/05\/cc_8.jpg\"><img loading=\"lazy\" decoding=\"async\" class=\"alignnone size-medium wp-image-136\" src=\"http:\/\/fbaul-dcnm.pt\/wp\/wp-content\/uploads\/2011\/05\/cc_8-350x238.jpg\" alt=\"cc_8\" width=\"350\" height=\"238\" srcset=\"http:\/\/fbaul-dcnm.pt\/wp\/wp-content\/uploads\/2011\/05\/cc_8-350x238.jpg 350w, http:\/\/fbaul-dcnm.pt\/wp\/wp-content\/uploads\/2011\/05\/cc_8-1024x696.jpg 1024w\" sizes=\"(max-width: 350px) 100vw, 350px\" \/><\/a><br \/>\nO &#8220;Frontisp\u00edcio&#8221; \u00e9 o segundo fasc\u00edculo e tamb\u00e9m uma poss\u00edvel aproxima\u00e7\u00e3o ao conceito home page. Sendo um dos paratextos que sofre mais transforma\u00e7\u00f5es ao longo da hist\u00f3ria, na sua forma cl\u00e1ssica, apresenta os dados que definem a &#8220;identidade&#8221; da publica\u00e7\u00e3o (como t\u00edtulo, autor, editor, data; pode ainda incluir uma imagem alusiva). O frontisp\u00edcio tamb\u00e9m pode ser intitulado como a folha de rosto, i.e., a &#8220;cara&#8221; da publica\u00e7\u00e3o.<\/p>\n<p>\u2014<strong><br \/>\n\u00cdndice<\/strong><br \/>\n<a href=\"http:\/\/fbaul-dcnm.pt\/wp\/wp-content\/uploads\/2011\/05\/cc_5b.jpg\"><img loading=\"lazy\" decoding=\"async\" class=\"alignnone size-medium wp-image-142\" src=\"http:\/\/fbaul-dcnm.pt\/wp\/wp-content\/uploads\/2011\/05\/cc_5b-350x237.jpg\" alt=\"cc_5b\" width=\"350\" height=\"237\" srcset=\"http:\/\/fbaul-dcnm.pt\/wp\/wp-content\/uploads\/2011\/05\/cc_5b-350x237.jpg 350w, http:\/\/fbaul-dcnm.pt\/wp\/wp-content\/uploads\/2011\/05\/cc_5b.jpg 1000w\" sizes=\"(max-width: 350px) 100vw, 350px\" \/><\/a><br \/>\nO \u00edndice representa uma possibilidade de s\u00edntese do livro. Os conte\u00fado indexados s\u00e3o fundamentais para a defini\u00e7\u00e3o da navega\u00e7\u00e3o num livro e para a localiza\u00e7\u00e3o de assuntos relevantes. De uma forma n\u00e3o linear, o terceiro fasc\u00edculo explora esta possibilidade.<\/p>\n<p>\u2014<strong><br \/>\nNotas<\/strong><br \/>\n<a href=\"http:\/\/fbaul-dcnm.pt\/wp\/wp-content\/uploads\/2011\/05\/cc_11.jpg\"><img loading=\"lazy\" decoding=\"async\" class=\"alignnone size-medium wp-image-143\" src=\"http:\/\/fbaul-dcnm.pt\/wp\/wp-content\/uploads\/2011\/05\/cc_11-350x238.jpg\" alt=\"cc_11\" width=\"350\" height=\"238\" srcset=\"http:\/\/fbaul-dcnm.pt\/wp\/wp-content\/uploads\/2011\/05\/cc_11-350x238.jpg 350w, http:\/\/fbaul-dcnm.pt\/wp\/wp-content\/uploads\/2011\/05\/cc_11-1024x696.jpg 1024w\" sizes=\"(max-width: 350px) 100vw, 350px\" \/><\/a><br \/>\nSeguindo a defini\u00e7\u00e3o de Genette, este paratexto aproxima-se da no\u00e7\u00e3o de hipertexto, ao organizar de forma sistem\u00e1tica os pensamentos laterais ou cruzados essenciais para a compreens\u00e3o dos conte\u00fados principais. Genette define e cataloga os v\u00e1rios tipos de notas, ilustrados neste fasc\u00edculo por outras ideias e imagens (como se fossem notas ou coment\u00e1rios \u00e0s tipologias de Genette).<\/p>\n<p>\u2014<strong><br \/>\nBibliografia <\/strong><br \/>\n<a href=\"http:\/\/fbaul-dcnm.pt\/wp\/wp-content\/uploads\/2011\/05\/cc_16.jpg\"><img loading=\"lazy\" decoding=\"async\" class=\"alignnone size-medium wp-image-144\" src=\"http:\/\/fbaul-dcnm.pt\/wp\/wp-content\/uploads\/2011\/05\/cc_16-350x238.jpg\" alt=\"cc_16\" width=\"350\" height=\"238\" srcset=\"http:\/\/fbaul-dcnm.pt\/wp\/wp-content\/uploads\/2011\/05\/cc_16-350x238.jpg 350w, http:\/\/fbaul-dcnm.pt\/wp\/wp-content\/uploads\/2011\/05\/cc_16-1024x696.jpg 1024w\" sizes=\"(max-width: 350px) 100vw, 350px\" \/><\/a><br \/>\nHoje, basta-nos uma conex\u00e3o \u00e0 internet e atrav\u00e9s do ISBN de qualquer livro, podemos obter toda a informa\u00e7\u00e3o bibliogr\u00e1fica dispon\u00edvel. Neste fasc\u00edculo, esta simples sequ\u00eancia de n\u00fameros toma o lugar dos t\u00edtulos dos livros utilizados como refer\u00eancia para este estudo.<br \/>\n\u2014<br \/>\n<strong>C\u00e9lia Castelo<\/strong><br \/>\n2010\/11, 1\u00ba ano\/2\u00ba semestre, Projecto II + Laborat\u00f3rio II<\/p>\n","protected":false},"excerpt":{"rendered":"<p>Os elementos paratextuais t\u00eam por fun\u00e7\u00e3o facilitar a compreens\u00e3o e perce\u00e7\u00e3o da informa\u00e7\u00e3o textual. Trabalhando em torno desta no\u00e7\u00e3o, esta publica\u00e7\u00e3o \u00e9 uma investiga\u00e7\u00e3o sobre a natureza formal e conceptual dos paratextos. A literary work consists, entirely or essentially, of a text, defined (very minimally) \u2028as a more or less long sequence of verbal statements [&hellip;]<\/p>\n","protected":false},"author":4,"featured_media":0,"comment_status":"closed","ping_status":"open","sticky":false,"template":"","format":"standard","meta":{"footnotes":""},"categories":[7],"tags":[10],"_links":{"self":[{"href":"http:\/\/fbaul-dcnm.pt\/wp\/index.php?rest_route=\/wp\/v2\/posts\/127"}],"collection":[{"href":"http:\/\/fbaul-dcnm.pt\/wp\/index.php?rest_route=\/wp\/v2\/posts"}],"about":[{"href":"http:\/\/fbaul-dcnm.pt\/wp\/index.php?rest_route=\/wp\/v2\/types\/post"}],"author":[{"embeddable":true,"href":"http:\/\/fbaul-dcnm.pt\/wp\/index.php?rest_route=\/wp\/v2\/users\/4"}],"replies":[{"embeddable":true,"href":"http:\/\/fbaul-dcnm.pt\/wp\/index.php?rest_route=%2Fwp%2Fv2%2Fcomments&post=127"}],"version-history":[{"count":11,"href":"http:\/\/fbaul-dcnm.pt\/wp\/index.php?rest_route=\/wp\/v2\/posts\/127\/revisions"}],"predecessor-version":[{"id":437,"href":"http:\/\/fbaul-dcnm.pt\/wp\/index.php?rest_route=\/wp\/v2\/posts\/127\/revisions\/437"}],"wp:attachment":[{"href":"http:\/\/fbaul-dcnm.pt\/wp\/index.php?rest_route=%2Fwp%2Fv2%2Fmedia&parent=127"}],"wp:term":[{"taxonomy":"category","embeddable":true,"href":"http:\/\/fbaul-dcnm.pt\/wp\/index.php?rest_route=%2Fwp%2Fv2%2Fcategories&post=127"},{"taxonomy":"post_tag","embeddable":true,"href":"http:\/\/fbaul-dcnm.pt\/wp\/index.php?rest_route=%2Fwp%2Fv2%2Ftags&post=127"}],"curies":[{"name":"wp","href":"https:\/\/api.w.org\/{rel}","templated":true}]}}