{"id":439,"date":"2011-10-30T12:52:05","date_gmt":"2011-10-30T12:52:05","guid":{"rendered":"http:\/\/fbaul-dcnm.pt\/wp\/?p=439"},"modified":"2014-05-31T13:20:34","modified_gmt":"2014-05-31T13:20:34","slug":"jornal-mestrado-dcnm-design-fbaul","status":"publish","type":"post","link":"http:\/\/fbaul-dcnm.pt\/wp\/?p=439","title":{"rendered":"Jornal Mestrado DCNM (DESIGN FBAUL)"},"content":{"rendered":"<p><a href=\"http:\/\/issuu.com\/fbaul\/docs\/jornaldcnm2011\" target=\"_blank\"><img loading=\"lazy\" decoding=\"async\" class=\"alignnone wp-image-441 size-medium\" src=\"http:\/\/fbaul-dcnm.pt\/wp\/wp-content\/uploads\/2014\/05\/jornalMestrado-1-211x300.png\" alt=\"jornalMestrado-1\" width=\"211\" height=\"300\" srcset=\"http:\/\/fbaul-dcnm.pt\/wp\/wp-content\/uploads\/2014\/05\/jornalMestrado-1-211x300.png 211w, http:\/\/fbaul-dcnm.pt\/wp\/wp-content\/uploads\/2014\/05\/jornalMestrado-1-723x1024.png 723w, http:\/\/fbaul-dcnm.pt\/wp\/wp-content\/uploads\/2014\/05\/jornalMestrado-1.png 751w\" sizes=\"(max-width: 211px) 100vw, 211px\" \/><\/a><br \/>\n\u2014<br \/>\nP\u00e1gina: Mestrado em Design de Comunica\u00e7\u00e3o e Novos Media<br \/>\n<em>Jornal do n\u00facleo do mestrado em Design de Comunica\u00e7\u00e3o e Novos Media na exposi\u00e7\u00e3o DESIGN: FBAUL 2012.<\/em><\/p>\n<p>Durante o 2\u00ba semestre, nas disciplinas de Projecto II e Laborat\u00f3rio II, assumimos a P\u00e1gina, a sua sem\u00e2ntica, sintaxe, morfologia, paratextualidade, hist\u00f3ria, como espa\u00e7o preferencial para a \u201cescrita\u201d do Design. Partimos da marginalia como lugar ainda marcadamente referencial; atrav\u00e9s da interpreta\u00e7\u00e3o e da fun\u00e7\u00e3o activa da leitura equacion\u00e1mos os pap\u00e9is do autor e do leitor. Das notas \u00e0 margem pass\u00e1mos \u00e0 \u201cescrita\u201d\u2014ao utilizar a edi\u00e7\u00e3o como opera\u00e7\u00e3o e o reconhecimento intuitivo do livro como modelo para o conhecimento, a P\u00e1gina transforma-se no espa\u00e7o primordial de legitima\u00e7\u00e3o do discurso em design, um lugar (ainda assim problem\u00e1tico) para a \u201cautoridade\u201d do designer.<br \/>\n\u2014<br \/>\n<a href=\"http:\/\/issuu.com\/fbaul\/docs\/jornaldcnm2011\" target=\"_blank\">PUBLICA\u00c7\u00c3O<\/a><br \/>\n\u2014<br \/>\nProjecto de comunica\u00e7\u00e3o de Mafalda Sequeira<\/p>\n","protected":false},"excerpt":{"rendered":"<p>\u2014 P\u00e1gina: Mestrado em Design de Comunica\u00e7\u00e3o e Novos Media Jornal do n\u00facleo do mestrado em Design de Comunica\u00e7\u00e3o e Novos Media na exposi\u00e7\u00e3o DESIGN: FBAUL 2012. Durante o 2\u00ba semestre, nas disciplinas de Projecto II e Laborat\u00f3rio II, assumimos a P\u00e1gina, a sua sem\u00e2ntica, sintaxe, morfologia, paratextualidade, hist\u00f3ria, como espa\u00e7o preferencial para a \u201cescrita\u201d [&hellip;]<\/p>\n","protected":false},"author":3,"featured_media":0,"comment_status":"closed","ping_status":"open","sticky":false,"template":"","format":"standard","meta":{"footnotes":""},"categories":[11],"tags":[10],"_links":{"self":[{"href":"http:\/\/fbaul-dcnm.pt\/wp\/index.php?rest_route=\/wp\/v2\/posts\/439"}],"collection":[{"href":"http:\/\/fbaul-dcnm.pt\/wp\/index.php?rest_route=\/wp\/v2\/posts"}],"about":[{"href":"http:\/\/fbaul-dcnm.pt\/wp\/index.php?rest_route=\/wp\/v2\/types\/post"}],"author":[{"embeddable":true,"href":"http:\/\/fbaul-dcnm.pt\/wp\/index.php?rest_route=\/wp\/v2\/users\/3"}],"replies":[{"embeddable":true,"href":"http:\/\/fbaul-dcnm.pt\/wp\/index.php?rest_route=%2Fwp%2Fv2%2Fcomments&post=439"}],"version-history":[{"count":7,"href":"http:\/\/fbaul-dcnm.pt\/wp\/index.php?rest_route=\/wp\/v2\/posts\/439\/revisions"}],"predecessor-version":[{"id":452,"href":"http:\/\/fbaul-dcnm.pt\/wp\/index.php?rest_route=\/wp\/v2\/posts\/439\/revisions\/452"}],"wp:attachment":[{"href":"http:\/\/fbaul-dcnm.pt\/wp\/index.php?rest_route=%2Fwp%2Fv2%2Fmedia&parent=439"}],"wp:term":[{"taxonomy":"category","embeddable":true,"href":"http:\/\/fbaul-dcnm.pt\/wp\/index.php?rest_route=%2Fwp%2Fv2%2Fcategories&post=439"},{"taxonomy":"post_tag","embeddable":true,"href":"http:\/\/fbaul-dcnm.pt\/wp\/index.php?rest_route=%2Fwp%2Fv2%2Ftags&post=439"}],"curies":[{"name":"wp","href":"https:\/\/api.w.org\/{rel}","templated":true}]}}