{"id":667,"date":"2015-03-18T11:47:15","date_gmt":"2015-03-18T11:47:15","guid":{"rendered":"http:\/\/fbaul-dcnm.pt\/wp\/?p=667"},"modified":"2016-04-16T10:00:54","modified_gmt":"2016-04-16T10:00:54","slug":"pos-digital-media-artes-design","status":"publish","type":"post","link":"http:\/\/fbaul-dcnm.pt\/wp\/?p=667","title":{"rendered":"p\u00f3s-digital (media, artes, design)"},"content":{"rendered":"<p><img loading=\"lazy\" decoding=\"async\" class=\"alignnone size-medium wp-image-668\" src=\"http:\/\/fbaul-dcnm.pt\/wp\/wp-content\/uploads\/2015\/03\/conferencia_v2-350x216.gif\" alt=\"conferencia_v2\" width=\"350\" height=\"216\" srcset=\"http:\/\/fbaul-dcnm.pt\/wp\/wp-content\/uploads\/2015\/03\/conferencia_v2-350x216.gif 350w, http:\/\/fbaul-dcnm.pt\/wp\/wp-content\/uploads\/2015\/03\/conferencia_v2-1024x631.gif 1024w\" sizes=\"(max-width: 350px) 100vw, 350px\" \/><\/p>\n<div style=\"color: #000000;\">\n<div dir=\"ltr\">\n<div class=\"gmail_signature\">\n<div dir=\"ltr\"><b><span style=\"color: #0000ff;\"><span style=\"font-size: large;\">p\u00f3s-digital\u00a0<\/span><\/span><\/b><b><span style=\"color: #0000ff; font-size: large;\">(media, artes, design)<\/span><\/b><br \/>\n<b><span style=\"color: #0000ff;\"><b><span style=\"color: #0000ff;\">CONFER\u00caNCIA \u2014\u00a0<\/span><\/b>Design de Comunica\u00e7\u00e3o, FBAUL<br \/>\n<\/span><\/b><b>20\u201403\u201415 (sexta-feira)\u00a0<\/b><br \/>\n<b>Sala 4.11<\/b><\/p>\n<div><span style=\"color: #0000ff;\"><b>. . .<\/b><\/span><\/div>\n<div>\n<div><b><span style=\"text-decoration: underline;\">KEYNOTE SPEAKER:<\/span><\/b><\/div>\n<div><b>17:00h\u00a0<\/b><\/div>\n<div><span style=\"color: #0000ff;\"><span style=\"text-decoration: underline;\"><b>Alessandro Ludovico<\/b><\/span><br \/>\n<\/span><\/div>\n<div><span style=\"color: #0000ff;\"><span style=\"font-size: xx-small;\">PhD and Adjunct Professor\u00a0<\/span>at the Carrara Fine Arts Academy<\/span><\/div>\n<div><b><span style=\"color: #0000ff;\">Distributed infrastructures for a post-digital publishing<\/span><\/b><\/div>\n<div>The distributed nature of most contemporary processes can reinforce social initiatives and circulation of media. The negotiation of content distribution through these networks can be substantially enhanced, creating smaller infrastructures, who can act locally and be significantly aware of what is globally developed and experimented. Furthermore, looking back to some forgotten part of specific media history gives a clear sense of technologies and techniques that have created different and fruitful social spaces in the distribution of content. Traditional publishing, in its evolution towards hybrids through software and networks, is at the center of these processes and can play a strategic role in the re-appropriation of networks and content infrastructures.<\/div>\n<div><\/div>\n<div><b style=\"color: #0000ff;\">. .\u00a0<\/b><\/div>\n<div><b>14:30h<\/b><b><br \/>\n<\/b><b><span style=\"text-decoration: underline;\">Sofia Gon\u00e7alves<\/span><\/b><br \/>\n<span style=\"font-size: xx-small;\">doutorada em Design de Comunica\u00e7\u00e3o (FBAUL),\u00a0designer, editora e professora Auxiliar da FBAUL<\/span><span style=\"color: #444444; font-size: xx-small;\"><br \/>\n<\/span><b><span style=\"color: #0000ff;\">Edi\u00e7\u00e3o Revista e Aumentada: converg\u00eancias da edi\u00e7\u00e3o\u00a0<\/span><\/b><b><span style=\"color: #0000ff;\">e do design de comunica\u00e7\u00e3o, da cultura da imprensa e da cultura digital.<\/span><\/b><b><br \/>\n<\/b>Ao entender a produ\u00e7\u00e3o editorial como um todo, ou seja, como processo que n\u00e3o se resume \u00e0 produ\u00e7\u00e3o de conte\u00fados mas que integra os efeitos ou condi\u00e7\u00f5es da sua circula\u00e7\u00e3o e rece\u00e7\u00e3o, os processos editoriais contempor\u00e2neos refletem cerca de duas d\u00e9cadas de familiariza\u00e7\u00e3o com a cultura digital. L\u00f3gicas de remistura,\u00a0<i>sampling<\/i>, montagem e a aplica\u00e7\u00e3o de m\u00e9todos associativos ou relacionais colocam a produ\u00e7\u00e3o editorial numa linhagem hist\u00f3rica que a imbuem de princ\u00edpios ideol\u00f3gicos, est\u00e9ticos, \u00e9ticos ou pol\u00edticos. Dentro deste quadro epistemol\u00f3gico apresentaremos o modelo editorial\u00a0<i>P\u00e1gina<\/i>, para a representa\u00e7\u00e3o da produ\u00e7\u00e3o acad\u00e9mica do mestrado em Design de Comunica\u00e7\u00e3o e Novos Media da FBAUL. Mais do que os processos da edi\u00e7\u00e3o, exploraremos a edi\u00e7\u00e3o como processo (como opera\u00e7\u00e3o transversal \u00e0s v\u00e1rias fases de produ\u00e7\u00e3o), cr\u00edtica (que problematiza os discursos), ensaio (como a possibilidade de interroga\u00e7\u00e3o das disciplinas) e g\u00e9nero (atrav\u00e9s de uma reclama\u00e7\u00e3o [difusa] de autoria).<\/div>\n<div><\/div>\n<div><b style=\"color: #0000ff;\">. .\u00a0<\/b><\/div>\n<div><b>15:30h<\/b><span style=\"color: #444444;\"><span style=\"text-decoration: underline;\"><br \/>\n<\/span><\/span><strong><span style=\"text-decoration: underline;\">Miguel Carvalhais<\/span><\/strong><br \/>\n<span style=\"font-size: xx-small;\">doutorado em Arte e Design (FBAUP),\u00a0designer, m\u00fasico e professor auxiliar na FBAUP<\/span><span style=\"color: #444444;\"><span style=\"text-decoration: underline;\"><br \/>\n<\/span><\/span><b><span style=\"color: #0000ff;\">.* P\u00f3s-digital<\/span><\/b><span style=\"color: #0000ff;\"><b><br \/>\n<\/b><\/span>O termo\u201cp\u00f3s-digital\u201d procura desafiar um entendimento acr\u00edtico da natureza digital dos media, das artes e do design, de acordo com a sugest\u00e3o impl\u00edcita de que a revolu\u00e7\u00e3o digital j\u00e1 terminou. A partir do texto de Kim Cascone de 2002,\u00a0<i>The Aesthetics of Failure: &#8216;Post-Digital&#8217; Tendencies in Contemporary Computer Music<\/i>, iremos pensar o estado do &#8220;medium digital&#8221; e de algumas das pr\u00e1ticas criativas que a ele se vinculam e que podemos descrever como \u201cp\u00f3s-digitais\u201d, focando, em particular, os campos do design e das artes visuais, da m\u00fasica e das artes performativas.<\/div>\n<div><\/div>\n<div>\u2014<\/div>\n<div>\n<p>Organiza\u00e7\u00e3o: 2\u00ba e 3\u00ba Ciclo de Design de Comunica\u00e7\u00e3o FBAUL<\/p>\n<\/div>\n<\/div>\n<\/div>\n<\/div>\n<\/div>\n<\/div>\n<div style=\"color: #000000;\"><\/div>\n","protected":false},"excerpt":{"rendered":"<p>p\u00f3s-digital\u00a0(media, artes, design) CONFER\u00caNCIA \u2014\u00a0Design de Comunica\u00e7\u00e3o, FBAUL 20\u201403\u201415 (sexta-feira)\u00a0 Sala 4.11 . . . KEYNOTE SPEAKER: 17:00h\u00a0 Alessandro Ludovico PhD and Adjunct Professor\u00a0at the Carrara Fine Arts Academy Distributed infrastructures for a post-digital publishing The distributed nature of most contemporary processes can reinforce social initiatives and circulation of media. The negotiation of content distribution [&hellip;]<\/p>\n","protected":false},"author":3,"featured_media":0,"comment_status":"closed","ping_status":"open","sticky":false,"template":"","format":"standard","meta":{"footnotes":""},"categories":[11],"tags":[12],"_links":{"self":[{"href":"http:\/\/fbaul-dcnm.pt\/wp\/index.php?rest_route=\/wp\/v2\/posts\/667"}],"collection":[{"href":"http:\/\/fbaul-dcnm.pt\/wp\/index.php?rest_route=\/wp\/v2\/posts"}],"about":[{"href":"http:\/\/fbaul-dcnm.pt\/wp\/index.php?rest_route=\/wp\/v2\/types\/post"}],"author":[{"embeddable":true,"href":"http:\/\/fbaul-dcnm.pt\/wp\/index.php?rest_route=\/wp\/v2\/users\/3"}],"replies":[{"embeddable":true,"href":"http:\/\/fbaul-dcnm.pt\/wp\/index.php?rest_route=%2Fwp%2Fv2%2Fcomments&post=667"}],"version-history":[{"count":6,"href":"http:\/\/fbaul-dcnm.pt\/wp\/index.php?rest_route=\/wp\/v2\/posts\/667\/revisions"}],"predecessor-version":[{"id":674,"href":"http:\/\/fbaul-dcnm.pt\/wp\/index.php?rest_route=\/wp\/v2\/posts\/667\/revisions\/674"}],"wp:attachment":[{"href":"http:\/\/fbaul-dcnm.pt\/wp\/index.php?rest_route=%2Fwp%2Fv2%2Fmedia&parent=667"}],"wp:term":[{"taxonomy":"category","embeddable":true,"href":"http:\/\/fbaul-dcnm.pt\/wp\/index.php?rest_route=%2Fwp%2Fv2%2Fcategories&post=667"},{"taxonomy":"post_tag","embeddable":true,"href":"http:\/\/fbaul-dcnm.pt\/wp\/index.php?rest_route=%2Fwp%2Fv2%2Ftags&post=667"}],"curies":[{"name":"wp","href":"https:\/\/api.w.org\/{rel}","templated":true}]}}