{"id":859,"date":"2016-06-29T17:00:55","date_gmt":"2016-06-29T17:00:55","guid":{"rendered":"http:\/\/fbaul-dcnm.pt\/wp\/?p=859"},"modified":"2017-05-10T09:34:36","modified_gmt":"2017-05-10T09:34:36","slug":"the-data-the-web-and-the-app-projetos","status":"publish","type":"post","link":"http:\/\/fbaul-dcnm.pt\/wp\/?p=859","title":{"rendered":"the Data the Web and the App (projetos)"},"content":{"rendered":"<p><img loading=\"lazy\" decoding=\"async\" class=\"alignnone size-large wp-image-899\" src=\"http:\/\/fbaul-dcnm.pt\/wp\/wp-content\/uploads\/2016\/06\/FBAUL_EXPO-Cartaz-expo-V2-1-724x1024.jpg\" alt=\"FBAUL_EXPO-Cartaz expo\" width=\"385\" height=\"544\" srcset=\"http:\/\/fbaul-dcnm.pt\/wp\/wp-content\/uploads\/2016\/06\/FBAUL_EXPO-Cartaz-expo-V2-1-724x1024.jpg 724w, http:\/\/fbaul-dcnm.pt\/wp\/wp-content\/uploads\/2016\/06\/FBAUL_EXPO-Cartaz-expo-V2-1-212x300.jpg 212w, http:\/\/fbaul-dcnm.pt\/wp\/wp-content\/uploads\/2016\/06\/FBAUL_EXPO-Cartaz-expo-V2-1.jpg 1804w\" sizes=\"(max-width: 385px) 100vw, 385px\" \/><\/p>\n<p><b><span style=\"font-size: 1.3em;\">the data, the web and the app<\/span><\/b><\/p>\n<p><b>Apresenta\u00e7\u00e3o de Projetos \u2014<br \/>\n<\/b><b>Mestrado Design de Comunica\u00e7\u00e3o e Novos Media 2015-2016<\/b><br \/>\n<i>29 Junho 2016 \u2014 17:00, sala 411<\/i><\/p>\n<p>Website <a href=\"http:\/\/fbaul-dcnm.pt\/datawebapp\/\" target=\"_blank\">http:\/\/fbaul-dcnm.pt\/datawebapp\/<\/a><\/p>\n<p>Sob o mote The Data, the Web and the App, as propostas desenvolvidas no \u00e2mbito da disciplina de Projeto II assumem-se como aproxima\u00e7\u00f5es experimentais \u00e0 comunica\u00e7\u00e3o moldada pelos novos media. Prop\u00f5em uma reflex\u00e3o em torno da prolifera\u00e7\u00e3o e complexidade dos dados, das formas atuais de produ\u00e7\u00e3o e dissemina\u00e7\u00e3o de conte\u00fado e de uma crescente promo\u00e7\u00e3o da participa\u00e7\u00e3o, abordando fen\u00f3menos como a apifica\u00e7\u00e3o, persuas\u00e3o e solucionismo tecnol\u00f3gico.<\/p>\n","protected":false},"excerpt":{"rendered":"<p>the data, the web and the app Apresenta\u00e7\u00e3o de Projetos \u2014 Mestrado Design de Comunica\u00e7\u00e3o e Novos Media 2015-2016 29 Junho 2016 \u2014 17:00, sala 411 Website http:\/\/fbaul-dcnm.pt\/datawebapp\/ Sob o mote The Data, the Web and the App, as propostas desenvolvidas no \u00e2mbito da disciplina de Projeto II assumem-se como aproxima\u00e7\u00f5es experimentais \u00e0 comunica\u00e7\u00e3o moldada [&hellip;]<\/p>\n","protected":false},"author":3,"featured_media":0,"comment_status":"closed","ping_status":"open","sticky":false,"template":"","format":"standard","meta":{"footnotes":""},"categories":[11],"tags":[13],"_links":{"self":[{"href":"http:\/\/fbaul-dcnm.pt\/wp\/index.php?rest_route=\/wp\/v2\/posts\/859"}],"collection":[{"href":"http:\/\/fbaul-dcnm.pt\/wp\/index.php?rest_route=\/wp\/v2\/posts"}],"about":[{"href":"http:\/\/fbaul-dcnm.pt\/wp\/index.php?rest_route=\/wp\/v2\/types\/post"}],"author":[{"embeddable":true,"href":"http:\/\/fbaul-dcnm.pt\/wp\/index.php?rest_route=\/wp\/v2\/users\/3"}],"replies":[{"embeddable":true,"href":"http:\/\/fbaul-dcnm.pt\/wp\/index.php?rest_route=%2Fwp%2Fv2%2Fcomments&post=859"}],"version-history":[{"count":8,"href":"http:\/\/fbaul-dcnm.pt\/wp\/index.php?rest_route=\/wp\/v2\/posts\/859\/revisions"}],"predecessor-version":[{"id":901,"href":"http:\/\/fbaul-dcnm.pt\/wp\/index.php?rest_route=\/wp\/v2\/posts\/859\/revisions\/901"}],"wp:attachment":[{"href":"http:\/\/fbaul-dcnm.pt\/wp\/index.php?rest_route=%2Fwp%2Fv2%2Fmedia&parent=859"}],"wp:term":[{"taxonomy":"category","embeddable":true,"href":"http:\/\/fbaul-dcnm.pt\/wp\/index.php?rest_route=%2Fwp%2Fv2%2Fcategories&post=859"},{"taxonomy":"post_tag","embeddable":true,"href":"http:\/\/fbaul-dcnm.pt\/wp\/index.php?rest_route=%2Fwp%2Fv2%2Ftags&post=859"}],"curies":[{"name":"wp","href":"https:\/\/api.w.org\/{rel}","templated":true}]}}